{"id":976,"date":"2016-07-29T15:02:00","date_gmt":"2016-07-29T15:02:00","guid":{"rendered":"https:\/\/bozsogiattila.hu\/?p=976"},"modified":"2024-01-08T15:03:49","modified_gmt":"2024-01-08T15:03:49","slug":"az-emlekek-visszaternek","status":"publish","type":"post","link":"https:\/\/bozsogiattila.hu\/?p=976","title":{"rendered":"AZ EML\u00c9KEK VISSZAT\u00c9RNEK"},"content":{"rendered":"\n<p class=\"wp-block-paragraph\">AZ EML\u00c9KEK VISSZAT\u00c9RNEK<\/p>\n\n\n\n<p class=\"wp-block-paragraph\">Az eml\u00e9kek visszat\u00e9rnek,<br>Mint \u00e9kk\u00f6vek megjelennek.<br>\u00c1tform\u00e1lj\u00e1k hangulatod,<br>Megmutatj\u00e1k r\u00e9gi arcod.<\/p>\n\n\n\n<p class=\"wp-block-paragraph\">\u00d6sszehasonl\u00edt\u00e1st tesznek,<br>A koroddal nem t\u00f6r\u0151dnek.<br>Ami sz\u00e9p volt el\u00e9d hozz\u00e1k,<br>\u00d6r\u00f6m\u00f6det \u00fagy fokozz\u00e1k.<\/p>\n\n\n\n<p class=\"wp-block-paragraph\">L\u00e9pten-nyomon mell\u00e9d \u00e1llnak,<br>K\u00eds\u00e9rtenek, veled h\u00e1lnak.<br>\u00c1lmaidban kac\u00e9rkodnak,<br>Elragadnak, var\u00e1zsolnak.<\/p>\n\n\n\n<p class=\"wp-block-paragraph\">M\u00faltadban kalauzolnak,<br>R\u00e9gi \u00faton veled j\u00e1rnak.<br>Tal\u00e1n tan\u00e1csot is adnak,<br>Milyen legyen, majd a holnap.<\/p>\n\n\n\n<p class=\"wp-block-paragraph\">Ahogy \u00e9led napjaidat,<br>Holnap m\u00e1r az lesz a m\u00faltad.<br>A j\u00f6v\u0151det \u00fagy \u00e9p\u00edtsed,<br>M\u00faltt\u00e1 lesznek, k\u00eds\u00e9rtenek.<\/p>\n\n\n\n<p class=\"wp-block-paragraph\">Szabadulni sosem lehet,<br>Alapja az mindenednek.<br>Aki gy\u0171jt\u00f6tt sok eml\u00e9ket,<br>Ann\u00e1l azok versenyeznek.<\/p>\n\n\n\n<p class=\"wp-block-paragraph\">Kinek siv\u00e1r volt \u00e9lete,<br>Nincs mire eml\u00e9keznie.<br>\u00dcress\u00e9g kong a m\u00faltj\u00e1ba\u2019,<br>Vigaszt onnan sose v\u00e1rja.<\/p>\n\n\n\n<p class=\"wp-block-paragraph\">\u00d6regnapjaid bar\u00e1tja,<br>R\u00e9gi id\u0151k eml\u00e9kt\u00e1ra.<br>Egy nemzed\u00e9k lakik benne,<br>\u0150seidnek a k\u00e9p\u00e9be.<\/p>\n\n\n\n<p class=\"wp-block-paragraph\">\u0150k m\u00e1r r\u00e9gen messze j\u00e1rnak,<br>\u00c1ldozataik koruknak.<br>Az \u00e9letnek ez a rendje,<br>Soha senki ne feledje.<\/p>\n\n\n\n<p class=\"wp-block-paragraph\">Mindenki eljut majd oda,<br>Hogy m\u00e1r nem lesz t\u00f6bb\u00e9 m\u00faltja.<br>Ami volt azt megtarthatja,<br>Eml\u00e9kezik r\u00e1 csal\u00e1dja.<\/p>\n\n\n\n<p class=\"wp-block-paragraph\">Ne \u00e9p\u00edts\u00e9l fellegv\u00e1rat,<br>Ut\u00f3pia az agyadnak.<br>A sors d\u00f6nt, \u00e9s hat\u00e1roz,<br>Jobb, ha magad ehhez tartod.<\/p>\n\n\n\n<p class=\"wp-block-paragraph\">M\u00falt \u00e9s j\u00f6v\u0151 k\u00f6z\u00f6tt dekkolsz,<br>Helyben j\u00e1rsz, vagy t\u00e1n araszolsz.<br>Ty\u00fakl\u00e9p\u00e9ssel m\u00e9sz utadon,<br>J\u00e1rtakon, vagy j\u00e1ratlanon.<\/p>\n\n\n\n<p class=\"wp-block-paragraph\">Ne k\u00f6vesd a hi\u00fa \u00e1lmot,<br>\u00cdg\u00e9rget, de nem tal\u00e1lod.<br>\u00d6r\u00f6m\u00f6t keress m\u00faltadban,<br>Eml\u00e9keid b\u00e1zis\u00e1ban.<\/p>\n\n\n\n<p class=\"wp-block-paragraph\">Er\u0151t ad az \u00e9letednek,<br>Terveknek \u00e9s tervezetnek.<br>\u00c9sszer\u0171s\u00e9g lesz majd \u00farr\u00e1,<br>Fogadd el, hogy meg ne bukj\u00e1l.<\/p>\n\n\n\n<p class=\"wp-block-paragraph\">Ily egyszer\u0171, ennyi volna,<br>Magunknak sorsform\u00e1l\u00f3ja.<br>M\u00falt, jelen \u00e9s j\u00f6v\u0151 k\u00e9pe,<br>Benned \u00e9l egyszer\u0171s\u00e9gbe\u2019.<\/p>\n\n\n\n<p class=\"wp-block-paragraph\">Elv\u00e1lasztani nem lehet,<br>A bens\u0151dben egy\u00fctt \u00e9lnek.<br>Be kell l\u00e1tni, s elfogadni,<br>\u00c9ltedet nem k\u00eds\u00e9rteni!<\/p>\n\n\n\n<p class=\"wp-block-paragraph\">Mak\u00f3, 2016-07-29<\/p>\n","protected":false},"excerpt":{"rendered":"<p>AZ EML\u00c9KEK VISSZAT\u00c9RNEK Az eml\u00e9kek visszat\u00e9rnek,Mint \u00e9kk\u00f6vek megjelennek.\u00c1tform\u00e1lj\u00e1k hangulatod,Megmutatj\u00e1k r\u00e9gi arcod. \u00d6sszehasonl\u00edt\u00e1st tesznek,A koroddal nem t\u00f6r\u0151dnek.Ami sz\u00e9p volt el\u00e9d hozz\u00e1k,\u00d6r\u00f6m\u00f6det \u00fagy fokozz\u00e1k. L\u00e9pten-nyomon mell\u00e9d \u00e1llnak,K\u00eds\u00e9rtenek, veled h\u00e1lnak.\u00c1lmaidban kac\u00e9rkodnak,Elragadnak, var\u00e1zsolnak. M\u00faltadban kalauzolnak,R\u00e9gi \u00faton veled j\u00e1rnak.Tal\u00e1n tan\u00e1csot is adnak,Milyen legyen, majd a holnap. Ahogy \u00e9led napjaidat,Holnap m\u00e1r az lesz a m\u00faltad.A j\u00f6v\u0151det \u00fagy \u00e9p\u00edtsed,M\u00faltt\u00e1 lesznek, k\u00eds\u00e9rtenek. Szabadulni &#8230; <a title=\"AZ EML\u00c9KEK VISSZAT\u00c9RNEK\" class=\"read-more\" href=\"https:\/\/bozsogiattila.hu\/?p=976\" aria-label=\"Tov\u00e1bbiak AZ EML\u00c9KEK VISSZAT\u00c9RNEK\">Olvass tov\u00e1bb<\/a><\/p>\n","protected":false},"author":3,"featured_media":0,"comment_status":"closed","ping_status":"open","sticky":false,"template":"","format":"standard","meta":{"footnotes":""},"categories":[4],"tags":[319,12],"class_list":["post-976","post","type-post","status-publish","format-standard","hentry","category-versek","tag-319","tag-mako"],"yoast_head":"<!-- This site is optimized with the Yoast SEO plugin v21.8 - https:\/\/yoast.com\/wordpress\/plugins\/seo\/ -->\n<title>AZ EML\u00c9KEK VISSZAT\u00c9RNEK - Bozsogi Attila<\/title>\n<meta name=\"robots\" content=\"index, follow, max-snippet:-1, max-image-preview:large, max-video-preview:-1\" \/>\n<link rel=\"canonical\" href=\"https:\/\/bozsogiattila.hu\/?p=976\" \/>\n<meta property=\"og:locale\" content=\"hu_HU\" \/>\n<meta property=\"og:type\" content=\"article\" \/>\n<meta property=\"og:title\" content=\"AZ EML\u00c9KEK VISSZAT\u00c9RNEK - Bozsogi Attila\" \/>\n<meta property=\"og:description\" content=\"AZ EML\u00c9KEK VISSZAT\u00c9RNEK Az eml\u00e9kek visszat\u00e9rnek,Mint \u00e9kk\u00f6vek megjelennek.\u00c1tform\u00e1lj\u00e1k hangulatod,Megmutatj\u00e1k r\u00e9gi arcod. \u00d6sszehasonl\u00edt\u00e1st tesznek,A koroddal nem t\u00f6r\u0151dnek.Ami sz\u00e9p volt el\u00e9d hozz\u00e1k,\u00d6r\u00f6m\u00f6det \u00fagy fokozz\u00e1k. L\u00e9pten-nyomon mell\u00e9d \u00e1llnak,K\u00eds\u00e9rtenek, veled h\u00e1lnak.\u00c1lmaidban kac\u00e9rkodnak,Elragadnak, var\u00e1zsolnak. M\u00faltadban kalauzolnak,R\u00e9gi \u00faton veled j\u00e1rnak.Tal\u00e1n tan\u00e1csot is adnak,Milyen legyen, majd a holnap. Ahogy \u00e9led napjaidat,Holnap m\u00e1r az lesz a m\u00faltad.A j\u00f6v\u0151det \u00fagy \u00e9p\u00edtsed,M\u00faltt\u00e1 lesznek, k\u00eds\u00e9rtenek. Szabadulni ... Olvass tov\u00e1bb\" \/>\n<meta property=\"og:url\" content=\"https:\/\/bozsogiattila.hu\/?p=976\" \/>\n<meta property=\"og:site_name\" content=\"Bozsogi Attila\" \/>\n<meta property=\"article:published_time\" content=\"2016-07-29T15:02:00+00:00\" \/>\n<meta property=\"article:modified_time\" content=\"2024-01-08T15:03:49+00:00\" \/>\n<meta name=\"author\" content=\"Bozsogi Attila\" \/>\n<meta name=\"twitter:card\" content=\"summary_large_image\" \/>\n<meta name=\"twitter:label1\" content=\"Szerz\u0151:\" \/>\n\t<meta name=\"twitter:data1\" content=\"Bozsogi Attila\" \/>\n\t<meta name=\"twitter:label2\" content=\"Becs\u00fclt olvas\u00e1si id\u0151\" \/>\n\t<meta name=\"twitter:data2\" content=\"2 perc\" \/>\n<script type=\"application\/ld+json\" class=\"yoast-schema-graph\">{\"@context\":\"https:\/\/schema.org\",\"@graph\":[{\"@type\":\"WebPage\",\"@id\":\"https:\/\/bozsogiattila.hu\/?p=976\",\"url\":\"https:\/\/bozsogiattila.hu\/?p=976\",\"name\":\"AZ EML\u00c9KEK VISSZAT\u00c9RNEK - Bozsogi Attila\",\"isPartOf\":{\"@id\":\"https:\/\/bozsogiattila.hu\/#website\"},\"datePublished\":\"2016-07-29T15:02:00+00:00\",\"dateModified\":\"2024-01-08T15:03:49+00:00\",\"author\":{\"@id\":\"https:\/\/bozsogiattila.hu\/#\/schema\/person\/488c99f554a8c4039201260dd5eb795e\"},\"breadcrumb\":{\"@id\":\"https:\/\/bozsogiattila.hu\/?p=976#breadcrumb\"},\"inLanguage\":\"hu\",\"potentialAction\":[{\"@type\":\"ReadAction\",\"target\":[\"https:\/\/bozsogiattila.hu\/?p=976\"]}]},{\"@type\":\"BreadcrumbList\",\"@id\":\"https:\/\/bozsogiattila.hu\/?p=976#breadcrumb\",\"itemListElement\":[{\"@type\":\"ListItem\",\"position\":1,\"name\":\"Kezd\u0151lap\",\"item\":\"https:\/\/bozsogiattila.hu\/\"},{\"@type\":\"ListItem\",\"position\":2,\"name\":\"AZ EML\u00c9KEK VISSZAT\u00c9RNEK\"}]},{\"@type\":\"WebSite\",\"@id\":\"https:\/\/bozsogiattila.hu\/#website\",\"url\":\"https:\/\/bozsogiattila.hu\/\",\"name\":\"Bozsogi Attila\",\"description\":\"a zen\u00e9sz, \u00edr\u00f3 munk\u00e1ss\u00e1g\u00e1nak \u00e9s a mak\u00f3i muzsikusok eml\u00e9k\u00e9t \u0151rz\u0151 oldal\",\"potentialAction\":[{\"@type\":\"SearchAction\",\"target\":{\"@type\":\"EntryPoint\",\"urlTemplate\":\"https:\/\/bozsogiattila.hu\/?s={search_term_string}\"},\"query-input\":\"required name=search_term_string\"}],\"inLanguage\":\"hu\"},{\"@type\":\"Person\",\"@id\":\"https:\/\/bozsogiattila.hu\/#\/schema\/person\/488c99f554a8c4039201260dd5eb795e\",\"name\":\"Bozsogi Attila\",\"image\":{\"@type\":\"ImageObject\",\"inLanguage\":\"hu\",\"@id\":\"https:\/\/bozsogiattila.hu\/#\/schema\/person\/image\/\",\"url\":\"https:\/\/secure.gravatar.com\/avatar\/7da6b5985e34ed798d1670c54ce7d20e6a53b800bb0c07945c64b09392f3dbfd?s=96&d=mm&r=g\",\"contentUrl\":\"https:\/\/secure.gravatar.com\/avatar\/7da6b5985e34ed798d1670c54ce7d20e6a53b800bb0c07945c64b09392f3dbfd?s=96&d=mm&r=g\",\"caption\":\"Bozsogi Attila\"},\"sameAs\":[\"http:\/\/www.boszogiattila.hu\"],\"url\":\"https:\/\/bozsogiattila.hu\/?author=3\"}]}<\/script>\n<!-- \/ Yoast SEO plugin. -->","yoast_head_json":{"title":"AZ EML\u00c9KEK VISSZAT\u00c9RNEK - Bozsogi Attila","robots":{"index":"index","follow":"follow","max-snippet":"max-snippet:-1","max-image-preview":"max-image-preview:large","max-video-preview":"max-video-preview:-1"},"canonical":"https:\/\/bozsogiattila.hu\/?p=976","og_locale":"hu_HU","og_type":"article","og_title":"AZ EML\u00c9KEK VISSZAT\u00c9RNEK - Bozsogi Attila","og_description":"AZ EML\u00c9KEK VISSZAT\u00c9RNEK Az eml\u00e9kek visszat\u00e9rnek,Mint \u00e9kk\u00f6vek megjelennek.\u00c1tform\u00e1lj\u00e1k hangulatod,Megmutatj\u00e1k r\u00e9gi arcod. \u00d6sszehasonl\u00edt\u00e1st tesznek,A koroddal nem t\u00f6r\u0151dnek.Ami sz\u00e9p volt el\u00e9d hozz\u00e1k,\u00d6r\u00f6m\u00f6det \u00fagy fokozz\u00e1k. L\u00e9pten-nyomon mell\u00e9d \u00e1llnak,K\u00eds\u00e9rtenek, veled h\u00e1lnak.\u00c1lmaidban kac\u00e9rkodnak,Elragadnak, var\u00e1zsolnak. M\u00faltadban kalauzolnak,R\u00e9gi \u00faton veled j\u00e1rnak.Tal\u00e1n tan\u00e1csot is adnak,Milyen legyen, majd a holnap. Ahogy \u00e9led napjaidat,Holnap m\u00e1r az lesz a m\u00faltad.A j\u00f6v\u0151det \u00fagy \u00e9p\u00edtsed,M\u00faltt\u00e1 lesznek, k\u00eds\u00e9rtenek. Szabadulni ... Olvass tov\u00e1bb","og_url":"https:\/\/bozsogiattila.hu\/?p=976","og_site_name":"Bozsogi Attila","article_published_time":"2016-07-29T15:02:00+00:00","article_modified_time":"2024-01-08T15:03:49+00:00","author":"Bozsogi Attila","twitter_card":"summary_large_image","twitter_misc":{"Szerz\u0151:":"Bozsogi Attila","Becs\u00fclt olvas\u00e1si id\u0151":"2 perc"},"schema":{"@context":"https:\/\/schema.org","@graph":[{"@type":"WebPage","@id":"https:\/\/bozsogiattila.hu\/?p=976","url":"https:\/\/bozsogiattila.hu\/?p=976","name":"AZ EML\u00c9KEK VISSZAT\u00c9RNEK - Bozsogi Attila","isPartOf":{"@id":"https:\/\/bozsogiattila.hu\/#website"},"datePublished":"2016-07-29T15:02:00+00:00","dateModified":"2024-01-08T15:03:49+00:00","author":{"@id":"https:\/\/bozsogiattila.hu\/#\/schema\/person\/488c99f554a8c4039201260dd5eb795e"},"breadcrumb":{"@id":"https:\/\/bozsogiattila.hu\/?p=976#breadcrumb"},"inLanguage":"hu","potentialAction":[{"@type":"ReadAction","target":["https:\/\/bozsogiattila.hu\/?p=976"]}]},{"@type":"BreadcrumbList","@id":"https:\/\/bozsogiattila.hu\/?p=976#breadcrumb","itemListElement":[{"@type":"ListItem","position":1,"name":"Kezd\u0151lap","item":"https:\/\/bozsogiattila.hu\/"},{"@type":"ListItem","position":2,"name":"AZ EML\u00c9KEK VISSZAT\u00c9RNEK"}]},{"@type":"WebSite","@id":"https:\/\/bozsogiattila.hu\/#website","url":"https:\/\/bozsogiattila.hu\/","name":"Bozsogi Attila","description":"a zen\u00e9sz, \u00edr\u00f3 munk\u00e1ss\u00e1g\u00e1nak \u00e9s a mak\u00f3i muzsikusok eml\u00e9k\u00e9t \u0151rz\u0151 oldal","potentialAction":[{"@type":"SearchAction","target":{"@type":"EntryPoint","urlTemplate":"https:\/\/bozsogiattila.hu\/?s={search_term_string}"},"query-input":"required name=search_term_string"}],"inLanguage":"hu"},{"@type":"Person","@id":"https:\/\/bozsogiattila.hu\/#\/schema\/person\/488c99f554a8c4039201260dd5eb795e","name":"Bozsogi Attila","image":{"@type":"ImageObject","inLanguage":"hu","@id":"https:\/\/bozsogiattila.hu\/#\/schema\/person\/image\/","url":"https:\/\/secure.gravatar.com\/avatar\/7da6b5985e34ed798d1670c54ce7d20e6a53b800bb0c07945c64b09392f3dbfd?s=96&d=mm&r=g","contentUrl":"https:\/\/secure.gravatar.com\/avatar\/7da6b5985e34ed798d1670c54ce7d20e6a53b800bb0c07945c64b09392f3dbfd?s=96&d=mm&r=g","caption":"Bozsogi Attila"},"sameAs":["http:\/\/www.boszogiattila.hu"],"url":"https:\/\/bozsogiattila.hu\/?author=3"}]}},"jetpack_featured_media_url":"","_links":{"self":[{"href":"https:\/\/bozsogiattila.hu\/index.php?rest_route=\/wp\/v2\/posts\/976","targetHints":{"allow":["GET"]}}],"collection":[{"href":"https:\/\/bozsogiattila.hu\/index.php?rest_route=\/wp\/v2\/posts"}],"about":[{"href":"https:\/\/bozsogiattila.hu\/index.php?rest_route=\/wp\/v2\/types\/post"}],"author":[{"embeddable":true,"href":"https:\/\/bozsogiattila.hu\/index.php?rest_route=\/wp\/v2\/users\/3"}],"replies":[{"embeddable":true,"href":"https:\/\/bozsogiattila.hu\/index.php?rest_route=%2Fwp%2Fv2%2Fcomments&post=976"}],"version-history":[{"count":1,"href":"https:\/\/bozsogiattila.hu\/index.php?rest_route=\/wp\/v2\/posts\/976\/revisions"}],"predecessor-version":[{"id":977,"href":"https:\/\/bozsogiattila.hu\/index.php?rest_route=\/wp\/v2\/posts\/976\/revisions\/977"}],"wp:attachment":[{"href":"https:\/\/bozsogiattila.hu\/index.php?rest_route=%2Fwp%2Fv2%2Fmedia&parent=976"}],"wp:term":[{"taxonomy":"category","embeddable":true,"href":"https:\/\/bozsogiattila.hu\/index.php?rest_route=%2Fwp%2Fv2%2Fcategories&post=976"},{"taxonomy":"post_tag","embeddable":true,"href":"https:\/\/bozsogiattila.hu\/index.php?rest_route=%2Fwp%2Fv2%2Ftags&post=976"}],"curies":[{"name":"wp","href":"https:\/\/api.w.org\/{rel}","templated":true}]}}