{"id":984,"date":"2016-09-23T15:07:00","date_gmt":"2016-09-23T15:07:00","guid":{"rendered":"https:\/\/bozsogiattila.hu\/?p=984"},"modified":"2024-01-08T15:08:47","modified_gmt":"2024-01-08T15:08:47","slug":"az-utolso-nap-emleke","status":"publish","type":"post","link":"https:\/\/bozsogiattila.hu\/?p=984","title":{"rendered":"AZ UTOLS\u00d3 NAP EML\u00c9KE"},"content":{"rendered":"\n<p class=\"wp-block-paragraph\">AZ UTOLS\u00d3 NAP EML\u00c9KE<\/p>\n\n\n\n<p class=\"wp-block-paragraph\">Az utols\u00f3 nap eml\u00e9ke,<br>Nem halv\u00e1nyul annak f\u00e9nye.<br>Csillog, ragyog, sz\u00edvig hatol,<br>Visszatekint r\u00e1m a m\u00faltb\u00f3l.<\/p>\n\n\n\n<p class=\"wp-block-paragraph\">Elmerengek, veled vagyok,<br>K\u00f6zels\u00e9gt\u0151l t\u00e1volodok.<br>A t\u00e1vols\u00e1g f\u00e1j\u00f3 \u00e9rz\u00e9s,<br>Rem\u00e9nyteljes eml\u00e9kez\u00e9s.<\/p>\n\n\n\n<p class=\"wp-block-paragraph\">El\u0151t\u0171nik annak perce,<br>Mi sz\u00edvemben van elrejtve.<br>Onnan felt\u00f6r, k\u00ednoz, gy\u00f6t\u00f6r,<br>K\u00e9pet mutat eml\u00e9k\u00fcnkb\u0151l.<\/p>\n\n\n\n<p class=\"wp-block-paragraph\">Ketten \u0151rizz\u00fck azokat,<br>Amik soha el nem m\u00falnak.<br>Egy\u00fctt sz\u0151tt\u00fck terveinket,<br>Azok messzire rep\u00fcltek.<\/p>\n\n\n\n<p class=\"wp-block-paragraph\">(A) v\u00e9gtelenben tal\u00e1lkoztak,<br>Tov\u00e1bb \u00e9lnek, ott ragyognak.<br>A tegnapb\u00f3l, \u00fagy lett holnap,<br>S a holnapok m\u00e1v\u00e1 v\u00e1ltak.<\/p>\n\n\n\n<p class=\"wp-block-paragraph\">\u00d6r\u00f6k marad, \u00f6r\u00f6kk\u00f6n \u00e9l,<br>M\u00edg az ember csod\u00e1t rem\u00e9l.<br>Pedig csod\u00e1k ritk\u00e1n voltak,<br>Csak az \u00e1lmok tal\u00e1lkoztak.<\/p>\n\n\n\n<p class=\"wp-block-paragraph\">\u00c9bred\u00e9skor val\u00f3s\u00e1g lett,<br>Amit az \u00e9g re\u00e1nk hintett.<br>El nem veszi soha senki,<br>Nem lehet azt eltemetni.<\/p>\n\n\n\n<p class=\"wp-block-paragraph\">Csat\u00e1t v\u00edvtunk boldogs\u00e1ggal,<br>Mint az \u0151sz a mes\u00e9s ny\u00e1rral.<br>\u00dasztunk az \u00e9j tenger\u00e9ben,<br>S kik\u00f6t\u00f6tt\u00fcnk egy szigeten.<\/p>\n\n\n\n<p class=\"wp-block-paragraph\">Kincses-sziget volt a neve,<br>Fant\u00e1zi\u00e1nk sz\u00fclem\u00e9nye.<br>Szebbet, jobbat nem tal\u00e1ltunk.<br>\u00d6r\u00f6m\u00f6k k\u00f6zt nem akartunk.<\/p>\n\n\n\n<p class=\"wp-block-paragraph\">A t\u00e1volba nem l\u00e1thattunk,<br>Mivel l\u00e1tnokok nem voltunk.<br>Most is csak a m\u00faltba n\u00e9z\u00fcnk,<br>\u00c9lm\u00e9nyek k\u00f6zt keresg\u00e9l\u00fcnk.<\/p>\n\n\n\n<p class=\"wp-block-paragraph\">Kutatjuk a sz\u00e9p perceket,<br>Majd elvetj\u00fck mindegyiket.<br>Hisz mind kedves volt minek\u00fcnk,<br>K\u00fcl\u00f6nbs\u00e9get nem tehet\u00fcnk.<\/p>\n\n\n\n<p class=\"wp-block-paragraph\">K\u00f6zben \u00e9veink rohannak,<br>De n\u00e9ha m\u00e9g meg-meg\u00e1llnak.<br>\u00cdg\u00e9rni m\u00e1r nem \u00edg\u00e9rnek,<br>Szebbet \u00fagy sem \u00edg\u00e9rhetnek.<\/p>\n\n\n\n<p class=\"wp-block-paragraph\">Gondolataink cik\u00e1znak,<br>Nincs v\u00e9ge a legszebb ny\u00e1rnak.<br>R\u00e1j\u00f6tt\u00fcnk az id\u0151 meg\u00e1llt,<br>Vagy csak lassan cammog tov\u00e1bb.<\/p>\n\n\n\n<p class=\"wp-block-paragraph\">Tov\u00e1bb, tov\u00e1bb egyre hallom,<br>S\u00fcrget \u00fagy a \u201enagyhatalom\u201d.<br>A r\u00e9g is m\u00e1r nagyon r\u00e9g volt,<br>Elfogy \u00fagy, mint az \u00f6reg Hold.<\/p>\n\n\n\n<p class=\"wp-block-paragraph\">Min\u00e9l t\u00f6bb eml\u00e9k sz\u00fcletik,<br>Az eml\u00e9k \u00fagy szaporodik,<br>Elj\u00f6n a kor, azaz id\u0151,<br>Mikor fogyt\u00e1n a j\u00f6vend\u0151.<\/p>\n\n\n\n<p class=\"wp-block-paragraph\">Visszan\u00e9zni \u00e9let\u00fcnkre,<br>A par\u00e1d\u00e9s eml\u00e9kekre.<br>Ez az utols\u00f3 aj\u00e1nd\u00e9k,<br>Szebbet, jobbat, nem is v\u00e1rn\u00e9k.<\/p>\n\n\n\n<p class=\"wp-block-paragraph\">Mak\u00f3, 2016-09-23<\/p>\n","protected":false},"excerpt":{"rendered":"<p>AZ UTOLS\u00d3 NAP EML\u00c9KE Az utols\u00f3 nap eml\u00e9ke,Nem halv\u00e1nyul annak f\u00e9nye.Csillog, ragyog, sz\u00edvig hatol,Visszatekint r\u00e1m a m\u00faltb\u00f3l. Elmerengek, veled vagyok,K\u00f6zels\u00e9gt\u0151l t\u00e1volodok.A t\u00e1vols\u00e1g f\u00e1j\u00f3 \u00e9rz\u00e9s,Rem\u00e9nyteljes eml\u00e9kez\u00e9s. El\u0151t\u0171nik annak perce,Mi sz\u00edvemben van elrejtve.Onnan felt\u00f6r, k\u00ednoz, gy\u00f6t\u00f6r,K\u00e9pet mutat eml\u00e9k\u00fcnkb\u0151l. Ketten \u0151rizz\u00fck azokat,Amik soha el nem m\u00falnak.Egy\u00fctt sz\u0151tt\u00fck terveinket,Azok messzire rep\u00fcltek. (A) v\u00e9gtelenben tal\u00e1lkoztak,Tov\u00e1bb \u00e9lnek, ott ragyognak.A tegnapb\u00f3l, \u00fagy &#8230; <a title=\"AZ UTOLS\u00d3 NAP EML\u00c9KE\" class=\"read-more\" href=\"https:\/\/bozsogiattila.hu\/?p=984\" aria-label=\"Tov\u00e1bbiak AZ UTOLS\u00d3 NAP EML\u00c9KE\">Olvass tov\u00e1bb<\/a><\/p>\n","protected":false},"author":3,"featured_media":0,"comment_status":"closed","ping_status":"open","sticky":false,"template":"","format":"standard","meta":{"footnotes":""},"categories":[4],"tags":[319,12],"class_list":["post-984","post","type-post","status-publish","format-standard","hentry","category-versek","tag-319","tag-mako"],"yoast_head":"<!-- This site is optimized with the Yoast SEO plugin v21.8 - https:\/\/yoast.com\/wordpress\/plugins\/seo\/ -->\n<title>AZ UTOLS\u00d3 NAP EML\u00c9KE - Bozsogi Attila<\/title>\n<meta name=\"robots\" content=\"index, follow, max-snippet:-1, max-image-preview:large, max-video-preview:-1\" \/>\n<link rel=\"canonical\" href=\"https:\/\/bozsogiattila.hu\/?p=984\" \/>\n<meta property=\"og:locale\" content=\"hu_HU\" \/>\n<meta property=\"og:type\" content=\"article\" \/>\n<meta property=\"og:title\" content=\"AZ UTOLS\u00d3 NAP EML\u00c9KE - Bozsogi Attila\" \/>\n<meta property=\"og:description\" content=\"AZ UTOLS\u00d3 NAP EML\u00c9KE Az utols\u00f3 nap eml\u00e9ke,Nem halv\u00e1nyul annak f\u00e9nye.Csillog, ragyog, sz\u00edvig hatol,Visszatekint r\u00e1m a m\u00faltb\u00f3l. Elmerengek, veled vagyok,K\u00f6zels\u00e9gt\u0151l t\u00e1volodok.A t\u00e1vols\u00e1g f\u00e1j\u00f3 \u00e9rz\u00e9s,Rem\u00e9nyteljes eml\u00e9kez\u00e9s. El\u0151t\u0171nik annak perce,Mi sz\u00edvemben van elrejtve.Onnan felt\u00f6r, k\u00ednoz, gy\u00f6t\u00f6r,K\u00e9pet mutat eml\u00e9k\u00fcnkb\u0151l. Ketten \u0151rizz\u00fck azokat,Amik soha el nem m\u00falnak.Egy\u00fctt sz\u0151tt\u00fck terveinket,Azok messzire rep\u00fcltek. (A) v\u00e9gtelenben tal\u00e1lkoztak,Tov\u00e1bb \u00e9lnek, ott ragyognak.A tegnapb\u00f3l, \u00fagy ... Olvass tov\u00e1bb\" \/>\n<meta property=\"og:url\" content=\"https:\/\/bozsogiattila.hu\/?p=984\" \/>\n<meta property=\"og:site_name\" content=\"Bozsogi Attila\" \/>\n<meta property=\"article:published_time\" content=\"2016-09-23T15:07:00+00:00\" \/>\n<meta property=\"article:modified_time\" content=\"2024-01-08T15:08:47+00:00\" \/>\n<meta name=\"author\" content=\"Bozsogi Attila\" \/>\n<meta name=\"twitter:card\" content=\"summary_large_image\" \/>\n<meta name=\"twitter:label1\" content=\"Szerz\u0151:\" \/>\n\t<meta name=\"twitter:data1\" content=\"Bozsogi Attila\" \/>\n\t<meta name=\"twitter:label2\" content=\"Becs\u00fclt olvas\u00e1si id\u0151\" \/>\n\t<meta name=\"twitter:data2\" content=\"2 perc\" \/>\n<script type=\"application\/ld+json\" class=\"yoast-schema-graph\">{\"@context\":\"https:\/\/schema.org\",\"@graph\":[{\"@type\":\"WebPage\",\"@id\":\"https:\/\/bozsogiattila.hu\/?p=984\",\"url\":\"https:\/\/bozsogiattila.hu\/?p=984\",\"name\":\"AZ UTOLS\u00d3 NAP EML\u00c9KE - Bozsogi Attila\",\"isPartOf\":{\"@id\":\"https:\/\/bozsogiattila.hu\/#website\"},\"datePublished\":\"2016-09-23T15:07:00+00:00\",\"dateModified\":\"2024-01-08T15:08:47+00:00\",\"author\":{\"@id\":\"https:\/\/bozsogiattila.hu\/#\/schema\/person\/488c99f554a8c4039201260dd5eb795e\"},\"breadcrumb\":{\"@id\":\"https:\/\/bozsogiattila.hu\/?p=984#breadcrumb\"},\"inLanguage\":\"hu\",\"potentialAction\":[{\"@type\":\"ReadAction\",\"target\":[\"https:\/\/bozsogiattila.hu\/?p=984\"]}]},{\"@type\":\"BreadcrumbList\",\"@id\":\"https:\/\/bozsogiattila.hu\/?p=984#breadcrumb\",\"itemListElement\":[{\"@type\":\"ListItem\",\"position\":1,\"name\":\"Kezd\u0151lap\",\"item\":\"https:\/\/bozsogiattila.hu\/\"},{\"@type\":\"ListItem\",\"position\":2,\"name\":\"AZ UTOLS\u00d3 NAP EML\u00c9KE\"}]},{\"@type\":\"WebSite\",\"@id\":\"https:\/\/bozsogiattila.hu\/#website\",\"url\":\"https:\/\/bozsogiattila.hu\/\",\"name\":\"Bozsogi Attila\",\"description\":\"a zen\u00e9sz, \u00edr\u00f3 munk\u00e1ss\u00e1g\u00e1nak \u00e9s a mak\u00f3i muzsikusok eml\u00e9k\u00e9t \u0151rz\u0151 oldal\",\"potentialAction\":[{\"@type\":\"SearchAction\",\"target\":{\"@type\":\"EntryPoint\",\"urlTemplate\":\"https:\/\/bozsogiattila.hu\/?s={search_term_string}\"},\"query-input\":\"required name=search_term_string\"}],\"inLanguage\":\"hu\"},{\"@type\":\"Person\",\"@id\":\"https:\/\/bozsogiattila.hu\/#\/schema\/person\/488c99f554a8c4039201260dd5eb795e\",\"name\":\"Bozsogi Attila\",\"image\":{\"@type\":\"ImageObject\",\"inLanguage\":\"hu\",\"@id\":\"https:\/\/bozsogiattila.hu\/#\/schema\/person\/image\/\",\"url\":\"https:\/\/secure.gravatar.com\/avatar\/7da6b5985e34ed798d1670c54ce7d20e6a53b800bb0c07945c64b09392f3dbfd?s=96&d=mm&r=g\",\"contentUrl\":\"https:\/\/secure.gravatar.com\/avatar\/7da6b5985e34ed798d1670c54ce7d20e6a53b800bb0c07945c64b09392f3dbfd?s=96&d=mm&r=g\",\"caption\":\"Bozsogi Attila\"},\"sameAs\":[\"http:\/\/www.boszogiattila.hu\"],\"url\":\"https:\/\/bozsogiattila.hu\/?author=3\"}]}<\/script>\n<!-- \/ Yoast SEO plugin. -->","yoast_head_json":{"title":"AZ UTOLS\u00d3 NAP EML\u00c9KE - Bozsogi Attila","robots":{"index":"index","follow":"follow","max-snippet":"max-snippet:-1","max-image-preview":"max-image-preview:large","max-video-preview":"max-video-preview:-1"},"canonical":"https:\/\/bozsogiattila.hu\/?p=984","og_locale":"hu_HU","og_type":"article","og_title":"AZ UTOLS\u00d3 NAP EML\u00c9KE - Bozsogi Attila","og_description":"AZ UTOLS\u00d3 NAP EML\u00c9KE Az utols\u00f3 nap eml\u00e9ke,Nem halv\u00e1nyul annak f\u00e9nye.Csillog, ragyog, sz\u00edvig hatol,Visszatekint r\u00e1m a m\u00faltb\u00f3l. Elmerengek, veled vagyok,K\u00f6zels\u00e9gt\u0151l t\u00e1volodok.A t\u00e1vols\u00e1g f\u00e1j\u00f3 \u00e9rz\u00e9s,Rem\u00e9nyteljes eml\u00e9kez\u00e9s. El\u0151t\u0171nik annak perce,Mi sz\u00edvemben van elrejtve.Onnan felt\u00f6r, k\u00ednoz, gy\u00f6t\u00f6r,K\u00e9pet mutat eml\u00e9k\u00fcnkb\u0151l. Ketten \u0151rizz\u00fck azokat,Amik soha el nem m\u00falnak.Egy\u00fctt sz\u0151tt\u00fck terveinket,Azok messzire rep\u00fcltek. (A) v\u00e9gtelenben tal\u00e1lkoztak,Tov\u00e1bb \u00e9lnek, ott ragyognak.A tegnapb\u00f3l, \u00fagy ... Olvass tov\u00e1bb","og_url":"https:\/\/bozsogiattila.hu\/?p=984","og_site_name":"Bozsogi Attila","article_published_time":"2016-09-23T15:07:00+00:00","article_modified_time":"2024-01-08T15:08:47+00:00","author":"Bozsogi Attila","twitter_card":"summary_large_image","twitter_misc":{"Szerz\u0151:":"Bozsogi Attila","Becs\u00fclt olvas\u00e1si id\u0151":"2 perc"},"schema":{"@context":"https:\/\/schema.org","@graph":[{"@type":"WebPage","@id":"https:\/\/bozsogiattila.hu\/?p=984","url":"https:\/\/bozsogiattila.hu\/?p=984","name":"AZ UTOLS\u00d3 NAP EML\u00c9KE - Bozsogi Attila","isPartOf":{"@id":"https:\/\/bozsogiattila.hu\/#website"},"datePublished":"2016-09-23T15:07:00+00:00","dateModified":"2024-01-08T15:08:47+00:00","author":{"@id":"https:\/\/bozsogiattila.hu\/#\/schema\/person\/488c99f554a8c4039201260dd5eb795e"},"breadcrumb":{"@id":"https:\/\/bozsogiattila.hu\/?p=984#breadcrumb"},"inLanguage":"hu","potentialAction":[{"@type":"ReadAction","target":["https:\/\/bozsogiattila.hu\/?p=984"]}]},{"@type":"BreadcrumbList","@id":"https:\/\/bozsogiattila.hu\/?p=984#breadcrumb","itemListElement":[{"@type":"ListItem","position":1,"name":"Kezd\u0151lap","item":"https:\/\/bozsogiattila.hu\/"},{"@type":"ListItem","position":2,"name":"AZ UTOLS\u00d3 NAP EML\u00c9KE"}]},{"@type":"WebSite","@id":"https:\/\/bozsogiattila.hu\/#website","url":"https:\/\/bozsogiattila.hu\/","name":"Bozsogi Attila","description":"a zen\u00e9sz, \u00edr\u00f3 munk\u00e1ss\u00e1g\u00e1nak \u00e9s a mak\u00f3i muzsikusok eml\u00e9k\u00e9t \u0151rz\u0151 oldal","potentialAction":[{"@type":"SearchAction","target":{"@type":"EntryPoint","urlTemplate":"https:\/\/bozsogiattila.hu\/?s={search_term_string}"},"query-input":"required name=search_term_string"}],"inLanguage":"hu"},{"@type":"Person","@id":"https:\/\/bozsogiattila.hu\/#\/schema\/person\/488c99f554a8c4039201260dd5eb795e","name":"Bozsogi Attila","image":{"@type":"ImageObject","inLanguage":"hu","@id":"https:\/\/bozsogiattila.hu\/#\/schema\/person\/image\/","url":"https:\/\/secure.gravatar.com\/avatar\/7da6b5985e34ed798d1670c54ce7d20e6a53b800bb0c07945c64b09392f3dbfd?s=96&d=mm&r=g","contentUrl":"https:\/\/secure.gravatar.com\/avatar\/7da6b5985e34ed798d1670c54ce7d20e6a53b800bb0c07945c64b09392f3dbfd?s=96&d=mm&r=g","caption":"Bozsogi Attila"},"sameAs":["http:\/\/www.boszogiattila.hu"],"url":"https:\/\/bozsogiattila.hu\/?author=3"}]}},"jetpack_featured_media_url":"","_links":{"self":[{"href":"https:\/\/bozsogiattila.hu\/index.php?rest_route=\/wp\/v2\/posts\/984","targetHints":{"allow":["GET"]}}],"collection":[{"href":"https:\/\/bozsogiattila.hu\/index.php?rest_route=\/wp\/v2\/posts"}],"about":[{"href":"https:\/\/bozsogiattila.hu\/index.php?rest_route=\/wp\/v2\/types\/post"}],"author":[{"embeddable":true,"href":"https:\/\/bozsogiattila.hu\/index.php?rest_route=\/wp\/v2\/users\/3"}],"replies":[{"embeddable":true,"href":"https:\/\/bozsogiattila.hu\/index.php?rest_route=%2Fwp%2Fv2%2Fcomments&post=984"}],"version-history":[{"count":1,"href":"https:\/\/bozsogiattila.hu\/index.php?rest_route=\/wp\/v2\/posts\/984\/revisions"}],"predecessor-version":[{"id":985,"href":"https:\/\/bozsogiattila.hu\/index.php?rest_route=\/wp\/v2\/posts\/984\/revisions\/985"}],"wp:attachment":[{"href":"https:\/\/bozsogiattila.hu\/index.php?rest_route=%2Fwp%2Fv2%2Fmedia&parent=984"}],"wp:term":[{"taxonomy":"category","embeddable":true,"href":"https:\/\/bozsogiattila.hu\/index.php?rest_route=%2Fwp%2Fv2%2Fcategories&post=984"},{"taxonomy":"post_tag","embeddable":true,"href":"https:\/\/bozsogiattila.hu\/index.php?rest_route=%2Fwp%2Fv2%2Ftags&post=984"}],"curies":[{"name":"wp","href":"https:\/\/api.w.org\/{rel}","templated":true}]}}